{"id":4330,"date":"2024-08-08T17:16:58","date_gmt":"2024-08-08T15:16:58","guid":{"rendered":"https:\/\/ctakomunikacije.hr\/?p=4330"},"modified":"2024-08-09T08:46:17","modified_gmt":"2024-08-09T06:46:17","slug":"new-ideas-for-getting-information","status":"publish","type":"post","link":"https:\/\/ctakomunikacije.hr\/en\/new-ideas-for-getting-information\/","title":{"rendered":"Okay, where did you read that? &#8211; new ideas for getting information"},"content":{"rendered":"\n<p>Svoje kolegice i kolege u uredu \u010desto \u0161okiram ili nasmijem zanimljivim \u010dinjenicama i vijestima, a posljedi\u010dno uglavnom dolaze pitanja poput \u201cgdje si to pro\u010ditala\u201d i \u201cgdje pronalazi\u0161 te stvari?\u201d\u00a0<\/p>\n\n<p>Moj odgovor u tom trenutku naj\u010de\u0161\u0107e je &#8211; ne znam. Zato u nastavku donosim nekoliko svojih favorita za informiranje!<\/p>\n\n<h2 class=\"wp-block-heading\"><strong>Generalne vijesti\u00a0<\/strong><\/h2>\n\n<p>Za pra\u0107enje op\u0107enitih vijesti, Instagram mi je postao sve dra\u017ei jer u vrlo kratkom vremenu opravdava onu dobru, staru uzre\u010dicu da slika govori vi\u0161e od tisu\u0107u rije\u010di, a u dana\u0161njem svijetu ta slika je \u010desto i video sadr\u017eaj. Instagram profili poput @<a href=\"https:\/\/www.instagram.com\/bbcnews\/\" target=\"_blank\" rel=\"noreferrer noopener nofollow\">bbcnews<\/a> daju, u iznimno kratkim formatima, pregled najva\u017enijih doga\u0111anja u cijelom svijetu. Za glavne vijesti u posljednja 24 sata dovoljno je pro\u0107i kroz serijal njihovih <em>storyja<\/em> koji se obi\u010dno sastoje od fotografije, naslova i linka na cijelu vijest &#8211; brzo i pregledno. Sli\u010dan format ima i @<a href=\"https:\/\/www.instagram.com\/guardian\/\" target=\"_blank\" rel=\"noreferrer noopener nofollow\">guardian<\/a>.<\/p>\n\n<p>\u0160to se ti\u010de vijesti iz Hrvatske, pratim ih putem Facebook objava glavnih medijskih ku\u0107a. Obavezno pratim i nekoliko lokalnih portala, posebice onih s podru\u010dja iz kojeg dolazim, a preferiram i zapratiti podru\u010dje kojim je obuhva\u0107ena kampanja ili projekt na kojem trenutno radim. \u0160to se ti\u010de tradicionalnih medija, novine \u0107u prolistati kad god imam priliku, radio palim odmah ujutro, no veliki sam fan i televizije te zato barem nedjeljom nastojim uloviti neki ve\u010dernji dnevnik.\u00a0\u00a0<\/p>\n\n<figure class=\"wp-block-image aligncenter size-full\"><img decoding=\"async\" width=\"600\" height=\"500\" src=\"https:\/\/ctakomunikacije.hr\/wp-content\/uploads\/2024\/08\/Meme-Lara-1.jpg\" alt=\"\" class=\"wp-image-4319\"\/><\/figure>\n\n<h2 class=\"wp-block-heading\"><strong>Novosti iz komunikacijske struke\u00a0<\/strong><\/h2>\n\n<p>Kao glavni medij komunikacijske industrije u regiji isprofilirao se <a href=\"https:\/\/www.media-marketing.com\/\" target=\"_blank\" rel=\"noreferrer noopener nofollow\">Media Marketing<\/a>, koji redovito informira, educira i prati ovu industriju. Njihov sam pratitelj jo\u0161 od studentskih dana kada su mi se pokazali kao najbolji izvor informacija o kampanjama i agencijama u cijeloj regiji, a i danas su jedinstveni prozor u komunikacijski svijet s brojnim vijestima i intervjuima iz Hrvatske, Srbije, Bosne i Hercegovine, Slovenije, Crne Gore i Sjeverne Makedonije.\u00a0<\/p>\n\n<p>Od studentskih dana pratim i dru\u0161tvene mre\u017ee <a href=\"https:\/\/www.facebook.com\/HUOJhr\/?_rdc=1&amp;_rdr\" target=\"_blank\" rel=\"noreferrer noopener nofollow\">Hrvatske udruge za odnose s javno\u0161\u0107u<\/a> koja novosti donosi na hrvatskoj razini, a kasnije su se va\u017enima i korisnima pokazale i druge stranice udruga poput <a href=\"https:\/\/hura.hr\/\" target=\"_blank\" rel=\"noreferrer noopener nofollow\">HURA!<\/a>-e i<a href=\"https:\/\/www.iab-croatia.com\/\" target=\"_blank\" rel=\"noreferrer noopener nofollow\"> IAB-a<\/a>.\u00a0<\/p>\n\n<p>Informiranosti pridonose i na\u0161e vrijedne kolegice u CTA komunikacijama koje svakog tjedna pripremaju pregled novosti iz podru\u010dja digitale (dru\u0161tvene mre\u017ee, AI, Google) i odnosa s javno\u0161\u0107u, a svima najdra\u017ei dio je GenZ rubrika na kraju.\u00a0<\/p>\n\n<p>Ako ikada dobijete osje\u0107aj da vam nedostaje poslovnih vijesti i da ne znate \u0161to je aktualno u va\u0161oj struci &#8211; tu je LinkedIn! Pra\u0107enjem klju\u010dnih medija i aktera na poslovnoj dru\u0161tvenoj mre\u017ei <em>scrollanje feeda <\/em>mo\u017ee biti vrlo informativno.\u00a0<\/p>\n\n<h2 class=\"wp-block-heading\"><strong>Politika\u00a0<\/strong><\/h2>\n\n<p>Za hrvatsku politi\u010dku dramu, pra\u0107enje doma\u0107ih medija bit \u0107e vi\u0161e nego dovoljno, no gdje se informirati na \u0161iroj razini izvan granica Hrvatske?\u00a0<\/p>\n\n<p>Prije par godina, na preporuku kolegice, otkrila sam besplatni <a href=\"https:\/\/www.politico.eu\/\" target=\"_blank\" rel=\"noreferrer noopener nofollow\">Politico<\/a> newsletter. S obzirom na vlastite interese mogu\u0107e je odabrati izme\u0111u vi\u0161e njih (London, Paris, Berlin, Global), a za mene je put pogodak bio <a href=\"https:\/\/www.politico.eu\/newsletter\/brussels-playbook\" target=\"_blank\" rel=\"noreferrer noopener nofollow\">Brussels Playbook<\/a>. Osim novosti iz EU centrale, ovaj newsletter sadr\u017ei i klju\u010dne vijesti iz politi\u010dkog svijeta poput aktualnih izbora u SAD-u, dok je tijekom izbora za europski parlament jednom tjedno dodatno stizao i EU Election Playbook. Ipak, najdra\u017ee mi je \u0161to \u010desto ubacuju ironi\u010dne po\u0161alice u podnaslove i tekst te koriste jezgrovite re\u010denice koje vam ne\u0107e oduzeti mnogo vremena.\u00a0<\/p>\n\n<figure class=\"wp-block-image aligncenter size-full is-resized\"><img decoding=\"async\" width=\"560\" height=\"63\" src=\"https:\/\/ctakomunikacije.hr\/wp-content\/uploads\/2024\/08\/Snimka-zaslona-2024-07-30-150055-1.png\" alt=\"\" class=\"wp-image-4321\" style=\"width:969px;height:auto\"\/><\/figure>\n\n<h2 class=\"wp-block-heading\"><strong>Ravnote\u017ea je klju\u010dna!\u00a0<\/strong><\/h2>\n\n<p>Za razbibrigu prona\u0111ite i nekoliko stranica lak\u0161eg sadr\u017eaja koje poti\u010du na op\u0107enitu znati\u017eelju. To su, na primjer, <a href=\"https:\/\/www.instagram.com\/enews\/\" target=\"_blank\" rel=\"noreferrer noopener nofollow\">enews<\/a>, ako \u017eelite znati gdje je trenutno Taylor Swift ili <a href=\"https:\/\/www.instagram.com\/natgeo\/\" target=\"_blank\" rel=\"noreferrer noopener nofollow\">natgeo<\/a>, gdje mo\u017eete prona\u0107i <em>fun factove<\/em> za zanimljiv po\u010detak razgovora, ali i ne\u0161to nau\u010diti.<\/p>\n\n<h2 class=\"wp-block-heading\"><strong>Istina prije svega\u00a0<\/strong><\/h2>\n\n<p>Podru\u010dja koja vas zanimaju nastojte pratiti na samom izvoru jer \u0107ete tako dobiti najto\u010dniju i najobjektivniju informaciju. Imamo sre\u0107e \u0161to danas ne moramo \u010dekati pisani proglas koji \u0107e se objesiti na oglasnu plo\u010du Buckinghamske pala\u010de, ve\u0107 \u0107emo jednostavno vidjeti story ili objavu Kraljevske obitelji.\u00a0<\/p>\n\n<p>U pogledu trenutno najaktualnije teme &#8211; olimpijskih igara u Parizu &#8211; <a href=\"https:\/\/www.instagram.com\/olympics\/\" target=\"_blank\" rel=\"noreferrer noopener nofollow\">Olympics<\/a> profil bit \u0107e vam zabavan i informativan, a i profili hrvatskih reprezentacija mogu se pohvaliti odli\u010dnim sadr\u017eajem! Za filma\u0161e tu je <a href=\"https:\/\/www.instagram.com\/theacademy\/\" target=\"_blank\" rel=\"noreferrer noopener nofollow\">theacademy<\/a>, a ako ste fan brojeva i analiza, <a href=\"https:\/\/www.facebook.com\/statcroatia\" rel=\"nofollow noopener\" target=\"_blank\">Dr\u017eavni zavod za statistiku<\/a> uvijek ima prigodni relevantni podatak.\u00a0<\/p>\n\n<figure class=\"wp-block-embed is-type-video is-provider-tiktok wp-block-embed-tiktok\"><div class=\"wp-block-embed__wrapper\">\n<blockquote class=\"tiktok-embed\" cite=\"https:\/\/www.tiktok.com\/@olympics\/video\/7397159037231516961\" data-video-id=\"7397159037231516961\" data-embed-from=\"oembed\" style=\"max-width:605px; min-width:325px;\"> <section> <a target=\"_blank\" title=\"@olympics\" href=\"https:\/\/www.tiktok.com\/@olympics?refer=embed\" rel=\"nofollow noopener\">@olympics<\/a> <p>Serena Williams is still buzzing from the <a title=\"paris2024\" target=\"_blank\" href=\"https:\/\/www.tiktok.com\/tag\/paris2024?refer=embed\" rel=\"nofollow noopener\">#Paris2024<\/a> Opening Ceremony! \u2728 From jaw-dropping moments to the Parisian flair, it was a night full of magic and excitement. Catch her take on this spectacular kickoff to the Games! \ud83d\udd25 <a title=\"olympics\" target=\"_blank\" href=\"https:\/\/www.tiktok.com\/tag\/olympics?refer=embed\" rel=\"nofollow noopener\">#Olympics<\/a> <a title=\"openingceremony\" target=\"_blank\" href=\"https:\/\/www.tiktok.com\/tag\/openingceremony?refer=embed\" rel=\"nofollow noopener\">#OpeningCeremony<\/a><\/p> <a target=\"_blank\" title=\"\u266c original sound - Olympics\" href=\"https:\/\/www.tiktok.com\/music\/original-sound-7397159063031696160?refer=embed\" rel=\"nofollow noopener\">\u266c original sound &#8211; Olympics<\/a> <\/section> <\/blockquote> <script async src=\"https:\/\/www.tiktok.com\/embed.js\"><\/script>\n<\/div><\/figure>\n\n<p>Ako se jo\u0161 pitate za\u0161to je va\u017eno biti informiran, poznati \u010dasopis <a href=\"https:\/\/www.forbes.com\/sites\/tracybrower\/2022\/01\/02\/how-to-stay-informed-without-getting-overwhelmed\/\" target=\"_blank\" rel=\"noreferrer noopener nofollow\">Forbes<\/a> isti\u010de kako su informacije klju\u010dne za sposobnost dono\u0161enja dobrih odluka i u\u010dinkovitu reakciju, a informiranost pridonosi sposobnostima prilagodbe i suo\u010davanja.\u00a0<\/p>\n\n<p>Informacija ipak nekad mo\u017ee biti previ\u0161e, ali mogu biti i zanimljive i poticajne. Filtrirajte \u0161to \u017eelite \u010ditati i usmjerite se na stvari koje vas zanimaju i o kojima \u017eelite ne\u0161to novo \u010duti i nau\u010diti. Neka vam informiranje ne bude obaveza, ve\u0107 ne\u0161to \u010demu \u0107ete se i malo radovati svakog dana!<\/p>\n","protected":false},"excerpt":{"rendered":"<p>Svoje kolegice i kolege u uredu \u010desto \u0161okiram ili nasmijem zanimljivim \u010dinjenicama i vijestima, a posljedi\u010dno uglavnom dolaze pitanja poput \u201cgdje si to pro\u010ditala\u201d i \u201cgdje pronalazi\u0161 te stvari?\u201d\u00a0 Moj odgovor u tom trenutku naj\u010de\u0161\u0107e je &#8211; ne znam. Zato u nastavku donosim nekoliko svojih favorita za informiranje! Generalne vijesti\u00a0 Za pra\u0107enje op\u0107enitih vijesti, Instagram mi je postao sve dra\u017ei jer u vrlo kratkom vremenu opravdava onu dobru, staru uzre\u010dicu da slika govori vi\u0161e od tisu\u0107u rije\u010di, a u dana\u0161njem svijetu ta slika je \u010desto i video sadr\u017eaj. Instagram profili poput @bbcnews daju, u iznimno kratkim formatima, pregled najva\u017enijih doga\u0111anja [&hellip;]<\/p>\n","protected":false},"author":32,"featured_media":4336,"comment_status":"closed","ping_status":"closed","sticky":false,"template":"","format":"standard","meta":{"_acf_changed":false,"footnotes":""},"categories":[95],"tags":[101,102,104,109],"class_list":["post-4330","post","type-post","status-publish","format-standard","has-post-thumbnail","hentry","category-our-experience","tag-facebook-2","tag-instagram-2","tag-linkedin-2","tag-pr-2"],"acf":[],"_links":{"self":[{"href":"https:\/\/ctakomunikacije.hr\/en\/wp-json\/wp\/v2\/posts\/4330","targetHints":{"allow":["GET"]}}],"collection":[{"href":"https:\/\/ctakomunikacije.hr\/en\/wp-json\/wp\/v2\/posts"}],"about":[{"href":"https:\/\/ctakomunikacije.hr\/en\/wp-json\/wp\/v2\/types\/post"}],"author":[{"embeddable":true,"href":"https:\/\/ctakomunikacije.hr\/en\/wp-json\/wp\/v2\/users\/32"}],"replies":[{"embeddable":true,"href":"https:\/\/ctakomunikacije.hr\/en\/wp-json\/wp\/v2\/comments?post=4330"}],"version-history":[{"count":2,"href":"https:\/\/ctakomunikacije.hr\/en\/wp-json\/wp\/v2\/posts\/4330\/revisions"}],"predecessor-version":[{"id":4338,"href":"https:\/\/ctakomunikacije.hr\/en\/wp-json\/wp\/v2\/posts\/4330\/revisions\/4338"}],"wp:featuredmedia":[{"embeddable":true,"href":"https:\/\/ctakomunikacije.hr\/en\/wp-json\/wp\/v2\/media\/4336"}],"wp:attachment":[{"href":"https:\/\/ctakomunikacije.hr\/en\/wp-json\/wp\/v2\/media?parent=4330"}],"wp:term":[{"taxonomy":"category","embeddable":true,"href":"https:\/\/ctakomunikacije.hr\/en\/wp-json\/wp\/v2\/categories?post=4330"},{"taxonomy":"post_tag","embeddable":true,"href":"https:\/\/ctakomunikacije.hr\/en\/wp-json\/wp\/v2\/tags?post=4330"}],"curies":[{"name":"wp","href":"https:\/\/api.w.org\/{rel}","templated":true}]}}