{"id":5157,"date":"2025-01-30T13:17:50","date_gmt":"2025-01-30T12:17:50","guid":{"rendered":"https:\/\/ctakomunikacije.hr\/?p=5157"},"modified":"2025-01-30T13:17:58","modified_gmt":"2025-01-30T12:17:58","slug":"six-instagram-profiles-to-follow-for-news-from-croatia-and-the-world","status":"publish","type":"post","link":"https:\/\/ctakomunikacije.hr\/en\/six-instagram-profiles-to-follow-for-news-from-croatia-and-the-world\/","title":{"rendered":"Six Instagram profiles to follow for news from Croatia and the world"},"content":{"rendered":"\n<p>U svijetu preplavljenom informacijama i kompleksnim politi\u010dkim promjenama, te\u0161ko je ostati informiran o svemu. Tu nam u pomo\u0107 mogu usko\u010diti \u2013 dru\u0161tvene mre\u017ee! One nam \u010desto otkriju teme koje bi nam ina\u010de promaknule, a dobro do\u0111u i kao brzinsko rje\u0161enje kad \u017eelimo ostati u toku bez puno truda.<\/p>\n\n<p>Naravno, informacije s dru\u0161tvenih mre\u017ea treba uzimati sa zrnom soli, ali brzo <em>scrollanje <\/em>je stvarno prakti\u010dan na\u010din za hvatanje klju\u010dnih vijesti. Instagram se tu posebno isti\u010de\u00a0zahvaljuju\u0107i sa\u017eetim i estetski privla\u010dnim vizualima, koji zahtijevaju manje vremena nego gledanje TikTok ili YouTube videozapisa.<\/p>\n\n<p>U nastavku je \u0161est Instagram profila koji pokrivaju raznovrsne politi\u010dke i dru\u0161tvene teme iz razli\u010ditih pozicija.*<\/p>\n\n<h2 class=\"wp-block-heading\">1. <a href=\"https:\/\/www.instagram.com\/so.informed\/\" target=\"_blank\" rel=\"noreferrer noopener nofollow\">@so.informed<\/a><\/h2>\n\n<p>Kako obja\u0161njavaju u opisu profila: \u201e<em>breaking down politics + social\u2063 issues\u201d.<\/em> Fokusiran prvenstveno na ameri\u010dku javnu sferu, dijeli sasvim dovoljno informacija da budete upu\u0107eni u najnovije vijesti i znate \u0161to <em>googlati <\/em>ako vas zanima vi\u0161e.<\/p>\n<style>.kb-image5129_902f82-6c.kb-image-is-ratio-size, .kb-image5129_902f82-6c .kb-image-is-ratio-size{max-width:287px;width:100%;}.wp-block-kadence-column > .kt-inside-inner-col > .kb-image5129_902f82-6c.kb-image-is-ratio-size, .wp-block-kadence-column > .kt-inside-inner-col > .kb-image5129_902f82-6c .kb-image-is-ratio-size{align-self:unset;}.kb-image5129_902f82-6c figure{max-width:287px;}.kb-image5129_902f82-6c .image-is-svg, .kb-image5129_902f82-6c .image-is-svg img{width:100%;}.kb-image5129_902f82-6c .kb-image-has-overlay:after{opacity:0.3;}<\/style>\n<div class=\"wp-block-kadence-image kb-image5129_902f82-6c\"><figure class=\"aligncenter size-full\"><a href=\"https:\/\/www.instagram.com\/p\/DFNf6onRtXt\/?img_index=1\" class=\"kb-advanced-image-link\" target=\"_blank\" rel=\"noopener noreferrer nofollow\"><img decoding=\"async\" width=\"1170\" height=\"1796\" src=\"https:\/\/ctakomunikacije.hr\/wp-content\/uploads\/2025\/01\/primjer_1.jpeg\" alt=\"\" class=\"kb-img wp-image-5131\" srcset=\"https:\/\/ctakomunikacije.hr\/wp-content\/uploads\/2025\/01\/primjer_1.jpeg 1170w, https:\/\/ctakomunikacije.hr\/wp-content\/uploads\/2025\/01\/primjer_1-1001x1536.jpeg 1001w\" sizes=\"(max-width: 1170px) 100vw, 1170px\" \/><\/a><\/figure><\/div>\n\n<h2 class=\"wp-block-heading\">2. <a href=\"https:\/\/www.instagram.com\/politico\/\" target=\"_blank\" rel=\"noreferrer noopener nofollow\">@politico<\/a> &amp; <a href=\"https:\/\/www.instagram.com\/politicoeurope\/\" target=\"_blank\" rel=\"noreferrer noopener nofollow\">@politicoeurope<\/a><\/h2>\n\n<p>\u010clanci na portalu <em>Politico <\/em>uglavnom zahtijevaju vrijeme i pomnu pa\u017enju. Na Instagramu je taj isti sadr\u017eaj zapakiran u kratku formu koja znatno olak\u0161ava pra\u0107enje najbitnijih politi\u010dkih novosti u Europi i ostatku svijeta.<\/p>\n<style>.kb-image5129_76d6ae-27.kb-image-is-ratio-size, .kb-image5129_76d6ae-27 .kb-image-is-ratio-size{max-width:331px;width:100%;}.wp-block-kadence-column > .kt-inside-inner-col > .kb-image5129_76d6ae-27.kb-image-is-ratio-size, .wp-block-kadence-column > .kt-inside-inner-col > .kb-image5129_76d6ae-27 .kb-image-is-ratio-size{align-self:unset;}.kb-image5129_76d6ae-27 figure{max-width:331px;}.kb-image5129_76d6ae-27 .image-is-svg, .kb-image5129_76d6ae-27 .image-is-svg img{width:100%;}.kb-image5129_76d6ae-27 .kb-image-has-overlay:after{opacity:0.3;}<\/style>\n<div class=\"wp-block-kadence-image kb-image5129_76d6ae-27\"><figure class=\"aligncenter size-full\"><a href=\"https:\/\/www.instagram.com\/p\/DE-jJDVyj1c\/?img_index=1\" class=\"kb-advanced-image-link\" target=\"_blank\" rel=\"noopener noreferrer nofollow\"><img decoding=\"async\" width=\"1170\" height=\"1499\" src=\"https:\/\/ctakomunikacije.hr\/wp-content\/uploads\/2025\/01\/primjer_2.jpeg\" alt=\"\" class=\"kb-img wp-image-5133\"\/><\/a><\/figure><\/div>\n\n<h2 class=\"wp-block-heading\">3. <a href=\"https:\/\/www.instagram.com\/mattxiv\/\" target=\"_blank\" rel=\"noreferrer noopener nofollow\">@mattxiv<\/a><\/h2>\n\n<p>Matt kombinira popularnu kulturu i politiku, \u0161to mo\u017eda ne\u0107e odgovarati svakome \u2013 no svakako mo\u017ee potaknuti zanimanje za raznolike teme. Skroz je OK ako naprosto nije va\u0161a \u0161alica \u010daja. Ipak, nije ga lo\u0161e dodati u rotaciju kao zanimljiv izvor koji bi vas mogao potaknuti na dublje\u00a0istra\u017eivanje tema koje \u010desto ne stignu do Hrvatske.<\/p>\n<style>.kb-image5129_1faf38-5a.kb-image-is-ratio-size, .kb-image5129_1faf38-5a .kb-image-is-ratio-size{max-width:322px;width:100%;}.wp-block-kadence-column > .kt-inside-inner-col > .kb-image5129_1faf38-5a.kb-image-is-ratio-size, .wp-block-kadence-column > .kt-inside-inner-col > .kb-image5129_1faf38-5a .kb-image-is-ratio-size{align-self:unset;}.kb-image5129_1faf38-5a figure{max-width:322px;}.kb-image5129_1faf38-5a .image-is-svg, .kb-image5129_1faf38-5a .image-is-svg img{width:100%;}.kb-image5129_1faf38-5a .kb-image-has-overlay:after{opacity:0.3;}<\/style>\n<div class=\"wp-block-kadence-image kb-image5129_1faf38-5a\"><figure class=\"aligncenter size-full\"><a href=\"https:\/\/www.instagram.com\/p\/DEI9xuMh3e8\/?img_index=1\" class=\"kb-advanced-image-link\" target=\"_blank\" rel=\"noopener noreferrer nofollow\"><img decoding=\"async\" width=\"1170\" height=\"1790\" src=\"https:\/\/ctakomunikacije.hr\/wp-content\/uploads\/2025\/01\/primjer_3.jpeg\" alt=\"\" class=\"kb-img wp-image-5135\" srcset=\"https:\/\/ctakomunikacije.hr\/wp-content\/uploads\/2025\/01\/primjer_3.jpeg 1170w, https:\/\/ctakomunikacije.hr\/wp-content\/uploads\/2025\/01\/primjer_3-1004x1536.jpeg 1004w\" sizes=\"(max-width: 1170px) 100vw, 1170px\" \/><\/a><\/figure><\/div>\n\n<h2 class=\"wp-block-heading\">4. <a href=\"https:\/\/www.instagram.com\/politikazagenz\/\" target=\"_blank\" rel=\"noreferrer noopener nofollow\">@politikazagenz<\/a><\/h2>\n\n<p>Treba li nam posebno obja\u0161njenje? Politika za Gen Z pro\u0161irila se zavidnom brzinom i vjerojatno je me\u0111u glavnim kanalima informiranja cijele generacije mladih u Hrvatskoj.<\/p>\n<style>.kb-image5129_eb46bd-3a.kb-image-is-ratio-size, .kb-image5129_eb46bd-3a .kb-image-is-ratio-size{max-width:344px;width:100%;}.wp-block-kadence-column > .kt-inside-inner-col > .kb-image5129_eb46bd-3a.kb-image-is-ratio-size, .wp-block-kadence-column > .kt-inside-inner-col > .kb-image5129_eb46bd-3a .kb-image-is-ratio-size{align-self:unset;}.kb-image5129_eb46bd-3a figure{max-width:344px;}.kb-image5129_eb46bd-3a .image-is-svg, .kb-image5129_eb46bd-3a .image-is-svg img{width:100%;}.kb-image5129_eb46bd-3a .kb-image-has-overlay:after{opacity:0.3;}<\/style>\n<div class=\"wp-block-kadence-image kb-image5129_eb46bd-3a\"><figure class=\"aligncenter size-full\"><a href=\"https:\/\/www.instagram.com\/p\/C76tIUBNE0d\/?img_index=1\" class=\"kb-advanced-image-link\" target=\"_blank\" rel=\"noopener noreferrer nofollow\"><img decoding=\"async\" width=\"1170\" height=\"1501\" src=\"https:\/\/ctakomunikacije.hr\/wp-content\/uploads\/2025\/01\/primjer_4.jpeg\" alt=\"\" class=\"kb-img wp-image-5137\"\/><\/a><\/figure><\/div>\n\n<h2 class=\"wp-block-heading\">5. <a href=\"https:\/\/www.instagram.com\/allsidesnow\/\" target=\"_blank\" rel=\"noreferrer noopener nofollow\">@allsides<\/a><\/h2>\n\n<p>Misija <em>AllSidesa <\/em>je promicanje nepristranog, odnosno balansiranog informiranja iz razli\u010ditih izvora. Nudi pregled medijskih objava na odre\u0111enu temu iz nekoliko perspektiva, tako da istodobno dobijete informacije iz ljevi\u010darskog <em>Peoplea<\/em>, desni\u010darskog <em>Fox Newsa<\/em> i <em>Reutersa<\/em> s centra.<\/p>\n<style>.kb-image5129_7ea17f-9e.kb-image-is-ratio-size, .kb-image5129_7ea17f-9e .kb-image-is-ratio-size{max-width:359px;width:100%;}.wp-block-kadence-column > .kt-inside-inner-col > .kb-image5129_7ea17f-9e.kb-image-is-ratio-size, .wp-block-kadence-column > .kt-inside-inner-col > .kb-image5129_7ea17f-9e .kb-image-is-ratio-size{align-self:unset;}.kb-image5129_7ea17f-9e figure{max-width:359px;}.kb-image5129_7ea17f-9e .image-is-svg, .kb-image5129_7ea17f-9e .image-is-svg img{width:100%;}.kb-image5129_7ea17f-9e .kb-image-has-overlay:after{opacity:0.3;}<\/style>\n<div class=\"wp-block-kadence-image kb-image5129_7ea17f-9e\"><figure class=\"aligncenter size-full\"><a href=\"https:\/\/www.instagram.com\/p\/CqF9zyEspwL\/?img_index=1\" class=\"kb-advanced-image-link\" target=\"_blank\" rel=\"noopener noreferrer nofollow\"><img decoding=\"async\" width=\"1170\" height=\"1512\" src=\"https:\/\/ctakomunikacije.hr\/wp-content\/uploads\/2025\/01\/primjer_5.jpeg\" alt=\"\" class=\"kb-img wp-image-5139\"\/><\/a><\/figure><\/div>\n\n<h2 class=\"wp-block-heading\">6. <a href=\"https:\/\/www.instagram.com\/lemonde_en\/\" target=\"_blank\" rel=\"noreferrer noopener nofollow\">@lemonde_en<\/a><\/h2>\n\n<p>Engleska ina\u010dica francuskog<em> Le Mondea<\/em>. Fokus na francusku politiku je prakti\u010dki neprimjetan, a pokriva novosti vezane uz Europu.<\/p>\n<style>.kb-image5129_445cc8-f7.kb-image-is-ratio-size, .kb-image5129_445cc8-f7 .kb-image-is-ratio-size{max-width:333px;width:100%;}.wp-block-kadence-column > .kt-inside-inner-col > .kb-image5129_445cc8-f7.kb-image-is-ratio-size, .wp-block-kadence-column > .kt-inside-inner-col > .kb-image5129_445cc8-f7 .kb-image-is-ratio-size{align-self:unset;}.kb-image5129_445cc8-f7 figure{max-width:333px;}.kb-image5129_445cc8-f7 .image-is-svg, .kb-image5129_445cc8-f7 .image-is-svg img{width:100%;}.kb-image5129_445cc8-f7 .kb-image-has-overlay:after{opacity:0.3;}<\/style>\n<div class=\"wp-block-kadence-image kb-image5129_445cc8-f7\"><figure class=\"aligncenter size-full\"><a href=\"https:\/\/www.instagram.com\/p\/DFXRIOWOMHM\/?img_index=1\" class=\"kb-advanced-image-link\" target=\"_blank\" rel=\"noopener noreferrer nofollow\"><img decoding=\"async\" width=\"1170\" height=\"1738\" src=\"https:\/\/ctakomunikacije.hr\/wp-content\/uploads\/2025\/01\/primjer_6.jpeg\" alt=\"\" class=\"kb-img wp-image-5141\" srcset=\"https:\/\/ctakomunikacije.hr\/wp-content\/uploads\/2025\/01\/primjer_6.jpeg 1170w, https:\/\/ctakomunikacije.hr\/wp-content\/uploads\/2025\/01\/primjer_6-1034x1536.jpeg 1034w\" sizes=\"(max-width: 1170px) 100vw, 1170px\" \/><\/a><\/figure><\/div>\n\n<p><\/p>\n\n<p>Koje \u0107ete profile pratiti, naravno,\u00a0ovisi o osobnim preferencijama i interesima. Ovo je samo prijedlog temeljen na popularnosti istaknutih profila. Za dublje razumijevanje uvijek konzultirajte pouzdane medijske izvore, ali i zapamtite da oko <a href=\"https:\/\/ctakomunikacije.hr\/nove-ideje-za-informiranje\/\" data-type=\"link\" data-id=\"https:\/\/ctakomunikacije.hr\/nove-ideje-za-informiranje\/\">informiranja <\/a>vrijedi ona stara \u2013 \u0161to vi\u0161e, to bolje.<\/p>\n\n<p><em>*Kao autorica se ogra\u0111ujem od ikakvih politi\u010dkih stavova. Ovaj pregled, me\u0111utim, ukazuje i na to kakvi profili najbolje prolaze na Instagramu.<\/em><\/p>\n\n<p><\/p>\n","protected":false},"excerpt":{"rendered":"<p>U svijetu preplavljenom informacijama i kompleksnim politi\u010dkim promjenama, te\u0161ko je ostati informiran o svemu. Tu nam u pomo\u0107 mogu usko\u010diti \u2013 dru\u0161tvene mre\u017ee! One nam \u010desto otkriju teme koje bi nam ina\u010de promaknule, a dobro do\u0111u i kao brzinsko rje\u0161enje kad \u017eelimo ostati u toku bez puno truda. Naravno, informacije s dru\u0161tvenih mre\u017ea treba uzimati sa zrnom soli, ali brzo scrollanje je stvarno prakti\u010dan na\u010din za hvatanje klju\u010dnih vijesti. Instagram se tu posebno isti\u010de\u00a0zahvaljuju\u0107i sa\u017eetim i estetski privla\u010dnim vizualima, koji zahtijevaju manje vremena nego gledanje TikTok ili YouTube videozapisa. U nastavku je \u0161est Instagram profila koji pokrivaju raznovrsne politi\u010dke i [&hellip;]<\/p>\n","protected":false},"author":35,"featured_media":5146,"comment_status":"closed","ping_status":"closed","sticky":false,"template":"","format":"standard","meta":{"_acf_changed":false,"footnotes":""},"categories":[95],"tags":[98,127,157,166,180],"class_list":["post-5157","post","type-post","status-publish","format-standard","has-post-thumbnail","hentry","category-our-experience","tag-marketing-i-komunikacije-en","tag-social-media","tag-komunikacijska-strategija-en","tag-communication-strategy","tag-marketing-and-communications"],"acf":[],"_links":{"self":[{"href":"https:\/\/ctakomunikacije.hr\/en\/wp-json\/wp\/v2\/posts\/5157","targetHints":{"allow":["GET"]}}],"collection":[{"href":"https:\/\/ctakomunikacije.hr\/en\/wp-json\/wp\/v2\/posts"}],"about":[{"href":"https:\/\/ctakomunikacije.hr\/en\/wp-json\/wp\/v2\/types\/post"}],"author":[{"embeddable":true,"href":"https:\/\/ctakomunikacije.hr\/en\/wp-json\/wp\/v2\/users\/35"}],"replies":[{"embeddable":true,"href":"https:\/\/ctakomunikacije.hr\/en\/wp-json\/wp\/v2\/comments?post=5157"}],"version-history":[{"count":2,"href":"https:\/\/ctakomunikacije.hr\/en\/wp-json\/wp\/v2\/posts\/5157\/revisions"}],"predecessor-version":[{"id":5160,"href":"https:\/\/ctakomunikacije.hr\/en\/wp-json\/wp\/v2\/posts\/5157\/revisions\/5160"}],"wp:featuredmedia":[{"embeddable":true,"href":"https:\/\/ctakomunikacije.hr\/en\/wp-json\/wp\/v2\/media\/5146"}],"wp:attachment":[{"href":"https:\/\/ctakomunikacije.hr\/en\/wp-json\/wp\/v2\/media?parent=5157"}],"wp:term":[{"taxonomy":"category","embeddable":true,"href":"https:\/\/ctakomunikacije.hr\/en\/wp-json\/wp\/v2\/categories?post=5157"},{"taxonomy":"post_tag","embeddable":true,"href":"https:\/\/ctakomunikacije.hr\/en\/wp-json\/wp\/v2\/tags?post=5157"}],"curies":[{"name":"wp","href":"https:\/\/api.w.org\/{rel}","templated":true}]}}